{"id":455,"date":"2015-08-10T15:09:11","date_gmt":"2015-08-10T19:09:11","guid":{"rendered":"http:\/\/adoptionone.ca\/?p=455"},"modified":"2015-08-10T15:31:41","modified_gmt":"2015-08-10T19:31:41","slug":"une-semaine-bien-excitante-pour-adoption-o-n-e","status":"publish","type":"post","link":"https:\/\/adoptionone.ca\/fr\/une-semaine-bien-excitante-pour-adoption-o-n-e\/","title":{"rendered":"Une semaine bien excitante pour ADOPTION O.N.E."},"content":{"rendered":"<p>Nous ne sommes qu\u2019\u00e0 nos d\u00e9buts, et d\u00e9j\u00e0 les \u00e9v\u00e9nements se multiplient.\u00a0 Cette semaine en est une qui en compte plusieurs.<\/p>\n<p>Apr\u00e8s une longue fin de semaine, nous sommes pr\u00e9sent\u00e9 dans le journal local pour notre participation \u00e0 la foire hebdomadaire au Centre-Ville de Timmins, le Downtown Timmins Urban Park.<\/p>\n<p><a href=\"http:\/\/adoptionone.ca\/wp-content\/uploads\/2015\/05\/Urban-Park-add-in-Timmins-Daily-Press-and-Facebook-Aug-4th-2015.jpg\"><img loading=\"lazy\" decoding=\"async\" class=\"alignnone size-full wp-image-441\" src=\"http:\/\/adoptionone.ca\/wp-content\/uploads\/2015\/05\/Urban-Park-add-in-Timmins-Daily-Press-and-Facebook-Aug-4th-2015.jpg\" alt=\"Urban Park add in Timmins Daily Press and Facebook - Aug 4th, 2015\" width=\"350\" height=\"684\" srcset=\"https:\/\/adoptionone.ca\/wp-content\/uploads\/2015\/05\/Urban-Park-add-in-Timmins-Daily-Press-and-Facebook-Aug-4th-2015.jpg 350w, https:\/\/adoptionone.ca\/wp-content\/uploads\/2015\/05\/Urban-Park-add-in-Timmins-Daily-Press-and-Facebook-Aug-4th-2015-154x300.jpg 154w\" sizes=\"auto, (max-width: 350px) 100vw, 350px\" \/><\/a><\/p>\n<p>Ensuite, une invitation de Radio-Canada pour une entrevue avec Caroline Bourdua \u00e0 l\u2019\u00e9mission Le matin du Nord \u00e0 CBON.\u00a0 Ce fut un bon d\u00e9but de journ\u00e9e mercredi matin le 5 ao\u00fbt, 2015.\u00a0\u00a0 Voici le clip web pr\u00e9sentant notre entrevue.<\/p>\n<p>Soci\u00e9t\u00e9<\/p>\n<p>Une femme de Timmins met sur pied un service d&rsquo;adoption priv\u00e9e<\/p>\n<p><a href=\"http:\/\/adoptionone.ca\/wp-content\/uploads\/2015\/05\/131023_5u05k_rci-babies-adoption_sn635.jpg\"><img loading=\"lazy\" decoding=\"async\" class=\"alignnone  wp-image-443\" src=\"http:\/\/adoptionone.ca\/wp-content\/uploads\/2015\/05\/131023_5u05k_rci-babies-adoption_sn635.jpg\" alt=\"131023_5u05k_rci-babies-adoption_sn635\" width=\"562\" height=\"316\" srcset=\"https:\/\/adoptionone.ca\/wp-content\/uploads\/2015\/05\/131023_5u05k_rci-babies-adoption_sn635.jpg 635w, https:\/\/adoptionone.ca\/wp-content\/uploads\/2015\/05\/131023_5u05k_rci-babies-adoption_sn635-300x169.jpg 300w, https:\/\/adoptionone.ca\/wp-content\/uploads\/2015\/05\/131023_5u05k_rci-babies-adoption_sn635-560x315.jpg 560w\" sizes=\"auto, (max-width: 562px) 100vw, 562px\" \/><\/a><\/p>\n<p>&nbsp;<\/p>\n<p>Mireille Fortier en est la fondatrice et selon elle, il existe peu de ressource en Ontario pour les parents qui ne veulent pas passer par l&rsquo;adoption publique. Mais attention, il y a un prix \u00e0 payer et des r\u00e8gles aussi \u00e0 suivre.<\/p>\n<p>Lien pour \u00e9couter l\u2019entrevue\u00a0:\u00a0<a href=\"http:\/\/ici.radio-canada.ca\/emissions\/le_matin_du_nord\/2012-2013\/archives.asp?date=2015%2F08%2F05&amp;indTime=0&amp;idmedia=7324509\">Matin du Nord &#8211; CBON 5 ao\u00fbt, 2015<\/a><\/p>\n<p>En cette m\u00eame journ\u00e9e,\u00a0\u00a0 les enseignes* sont install\u00e9es \u00e0 notre location au 135 Est, boul. Algonguin \u00e0 Timmins.\u00a0 Gard\u00e9 l\u2019\u0153il ouvert quand vous y passerai!!!<\/p>\n<p><a href=\"http:\/\/adoptionone.ca\/wp-content\/uploads\/2015\/05\/Door-signage-1-closeup-e1438948897390.jpg\"><img loading=\"lazy\" decoding=\"async\" class=\"alignnone  wp-image-445\" src=\"http:\/\/adoptionone.ca\/wp-content\/uploads\/2015\/05\/Door-signage-1-closeup-e1438948897390.jpg\" alt=\"Door signage 1 closeup\" width=\"278\" height=\"371\" srcset=\"https:\/\/adoptionone.ca\/wp-content\/uploads\/2015\/05\/Door-signage-1-closeup-e1438948897390.jpg 960w, https:\/\/adoptionone.ca\/wp-content\/uploads\/2015\/05\/Door-signage-1-closeup-e1438948897390-225x300.jpg 225w, https:\/\/adoptionone.ca\/wp-content\/uploads\/2015\/05\/Door-signage-1-closeup-e1438948897390-768x1024.jpg 768w\" sizes=\"auto, (max-width: 278px) 100vw, 278px\" \/><\/a> <a href=\"http:\/\/adoptionone.ca\/wp-content\/uploads\/2015\/05\/Side-Signage-1-e1438948815865.jpg\"><img loading=\"lazy\" decoding=\"async\" class=\"alignnone  wp-image-444\" src=\"http:\/\/adoptionone.ca\/wp-content\/uploads\/2015\/05\/Side-Signage-1-e1438948815865.jpg\" alt=\"Side Signage 1\" width=\"372\" height=\"368\" srcset=\"https:\/\/adoptionone.ca\/wp-content\/uploads\/2015\/05\/Side-Signage-1-e1438948815865.jpg 960w, https:\/\/adoptionone.ca\/wp-content\/uploads\/2015\/05\/Side-Signage-1-e1438948815865-300x297.jpg 300w, https:\/\/adoptionone.ca\/wp-content\/uploads\/2015\/05\/Side-Signage-1-e1438948815865-80x80.jpg 80w\" sizes=\"auto, (max-width: 372px) 100vw, 372px\" \/><\/a><\/p>\n<p>&nbsp;<\/p>\n<p>Et le vendredi vous \u00eates invit\u00e9 \u00e0 venir nous voir au Downtown Timmins Urban Park.\u00a0\u00a0 Le soleil et la chaleur d\u2019\u00e9t\u00e9 sera surement \u00e0 l\u2019horaire!\u00a0 Nous appr\u00e9cions toujours une petite jasette!<\/p>\n<p><em>*avec assistance de Entrepreneurs Francophones PLUS<\/em> \u00a0<a href=\"http:\/\/adoptionone.ca\/wp-content\/uploads\/2015\/05\/EFP-logo.jpg\"><img loading=\"lazy\" decoding=\"async\" class=\"alignnone  wp-image-446\" src=\"http:\/\/adoptionone.ca\/wp-content\/uploads\/2015\/05\/EFP-logo.jpg\" alt=\"EFP logo\" width=\"46\" height=\"24\" \/><\/a><\/p>\n","protected":false},"excerpt":{"rendered":"<p>Nous ne sommes qu\u2019\u00e0 nos d\u00e9buts, et d\u00e9j\u00e0 les \u00e9v\u00e9nements se multiplient.\u00a0 Cette semaine en est une qui en compte plusieurs. Apr\u00e8s une longue fin de semaine, nous sommes pr\u00e9sent\u00e9 [&hellip;]<\/p>\n","protected":false},"author":1,"featured_media":0,"comment_status":"open","ping_status":"open","sticky":false,"template":"","format":"standard","meta":{"footnotes":""},"categories":[6],"tags":[],"class_list":["post-455","post","type-post","status-publish","format-standard","hentry","category-uncategorised-fr"],"yoast_head":"<!-- This site is optimized with the Yoast SEO plugin v27.5 - https:\/\/yoast.com\/product\/yoast-seo-wordpress\/ -->\n<title>Une semaine bien excitante pour ADOPTION O.N.E. - Adoption One<\/title>\n<meta name=\"description\" content=\"Semaine du 3 septembre 2015: Entrevue radio, enseigne Adoption ONE Ontario Nord Est , Foire publique,\" \/>\n<meta name=\"robots\" content=\"index, follow, max-snippet:-1, max-image-preview:large, max-video-preview:-1\" \/>\n<link rel=\"canonical\" href=\"https:\/\/adoptionone.ca\/fr\/une-semaine-bien-excitante-pour-adoption-o-n-e\/\" \/>\n<meta property=\"og:locale\" content=\"fr_FR\" \/>\n<meta property=\"og:type\" content=\"article\" \/>\n<meta property=\"og:title\" content=\"Une semaine bien excitante pour ADOPTION O.N.E. - Adoption One\" \/>\n<meta property=\"og:description\" content=\"Semaine du 3 septembre 2015: Entrevue radio, enseigne Adoption ONE Ontario Nord Est , Foire publique,\" \/>\n<meta property=\"og:url\" content=\"https:\/\/adoptionone.ca\/fr\/une-semaine-bien-excitante-pour-adoption-o-n-e\/\" \/>\n<meta property=\"og:site_name\" content=\"Adoption One\" \/>\n<meta property=\"article:publisher\" content=\"https:\/\/www.facebook.com\/adoptionone\" \/>\n<meta property=\"article:published_time\" content=\"2015-08-10T19:09:11+00:00\" \/>\n<meta property=\"article:modified_time\" content=\"2015-08-10T19:31:41+00:00\" \/>\n<meta property=\"og:image\" content=\"https:\/\/adoptionone.ca\/wp-content\/uploads\/2015\/05\/Urban-Park-add-in-Timmins-Daily-Press-and-Facebook-Aug-4th-2015.jpg\" \/>\n\t<meta property=\"og:image:width\" content=\"350\" \/>\n\t<meta property=\"og:image:height\" content=\"684\" \/>\n\t<meta property=\"og:image:type\" content=\"image\/jpeg\" \/>\n<meta name=\"author\" content=\"adoptiononedev\" \/>\n<meta name=\"twitter:label1\" content=\"\u00c9crit par\" \/>\n\t<meta name=\"twitter:data1\" content=\"adoptiononedev\" \/>\n\t<meta name=\"twitter:label2\" content=\"Dur\u00e9e de lecture estim\u00e9e\" \/>\n\t<meta name=\"twitter:data2\" content=\"1 minute\" \/>\n<script type=\"application\/ld+json\" class=\"yoast-schema-graph\">{\"@context\":\"https:\\\/\\\/schema.org\",\"@graph\":[{\"@type\":\"Article\",\"@id\":\"https:\\\/\\\/adoptionone.ca\\\/fr\\\/une-semaine-bien-excitante-pour-adoption-o-n-e\\\/#article\",\"isPartOf\":{\"@id\":\"https:\\\/\\\/adoptionone.ca\\\/fr\\\/une-semaine-bien-excitante-pour-adoption-o-n-e\\\/\"},\"author\":{\"name\":\"adoptiononedev\",\"@id\":\"https:\\\/\\\/adoptionone.ca\\\/#\\\/schema\\\/person\\\/340d046df96fd81a639f599084e94ccc\"},\"headline\":\"Une semaine bien excitante pour ADOPTION O.N.E.\",\"datePublished\":\"2015-08-10T19:09:11+00:00\",\"dateModified\":\"2015-08-10T19:31:41+00:00\",\"mainEntityOfPage\":{\"@id\":\"https:\\\/\\\/adoptionone.ca\\\/fr\\\/une-semaine-bien-excitante-pour-adoption-o-n-e\\\/\"},\"wordCount\":236,\"commentCount\":0,\"image\":{\"@id\":\"https:\\\/\\\/adoptionone.ca\\\/fr\\\/une-semaine-bien-excitante-pour-adoption-o-n-e\\\/#primaryimage\"},\"thumbnailUrl\":\"http:\\\/\\\/adoptionone.ca\\\/wp-content\\\/uploads\\\/2015\\\/05\\\/Urban-Park-add-in-Timmins-Daily-Press-and-Facebook-Aug-4th-2015.jpg\",\"articleSection\":[\"Uncategorised @fr\"],\"inLanguage\":\"fr-FR\",\"potentialAction\":[{\"@type\":\"CommentAction\",\"name\":\"Comment\",\"target\":[\"https:\\\/\\\/adoptionone.ca\\\/fr\\\/une-semaine-bien-excitante-pour-adoption-o-n-e\\\/#respond\"]}]},{\"@type\":\"WebPage\",\"@id\":\"https:\\\/\\\/adoptionone.ca\\\/fr\\\/une-semaine-bien-excitante-pour-adoption-o-n-e\\\/\",\"url\":\"https:\\\/\\\/adoptionone.ca\\\/fr\\\/une-semaine-bien-excitante-pour-adoption-o-n-e\\\/\",\"name\":\"Une semaine bien excitante pour ADOPTION O.N.E. - Adoption One\",\"isPartOf\":{\"@id\":\"https:\\\/\\\/adoptionone.ca\\\/#website\"},\"primaryImageOfPage\":{\"@id\":\"https:\\\/\\\/adoptionone.ca\\\/fr\\\/une-semaine-bien-excitante-pour-adoption-o-n-e\\\/#primaryimage\"},\"image\":{\"@id\":\"https:\\\/\\\/adoptionone.ca\\\/fr\\\/une-semaine-bien-excitante-pour-adoption-o-n-e\\\/#primaryimage\"},\"thumbnailUrl\":\"http:\\\/\\\/adoptionone.ca\\\/wp-content\\\/uploads\\\/2015\\\/05\\\/Urban-Park-add-in-Timmins-Daily-Press-and-Facebook-Aug-4th-2015.jpg\",\"datePublished\":\"2015-08-10T19:09:11+00:00\",\"dateModified\":\"2015-08-10T19:31:41+00:00\",\"author\":{\"@id\":\"https:\\\/\\\/adoptionone.ca\\\/#\\\/schema\\\/person\\\/340d046df96fd81a639f599084e94ccc\"},\"description\":\"Semaine du 3 septembre 2015: Entrevue radio, enseigne Adoption ONE Ontario Nord Est , Foire publique,\",\"breadcrumb\":{\"@id\":\"https:\\\/\\\/adoptionone.ca\\\/fr\\\/une-semaine-bien-excitante-pour-adoption-o-n-e\\\/#breadcrumb\"},\"inLanguage\":\"fr-FR\",\"potentialAction\":[{\"@type\":\"ReadAction\",\"target\":[\"https:\\\/\\\/adoptionone.ca\\\/fr\\\/une-semaine-bien-excitante-pour-adoption-o-n-e\\\/\"]}]},{\"@type\":\"ImageObject\",\"inLanguage\":\"fr-FR\",\"@id\":\"https:\\\/\\\/adoptionone.ca\\\/fr\\\/une-semaine-bien-excitante-pour-adoption-o-n-e\\\/#primaryimage\",\"url\":\"http:\\\/\\\/adoptionone.ca\\\/wp-content\\\/uploads\\\/2015\\\/05\\\/Urban-Park-add-in-Timmins-Daily-Press-and-Facebook-Aug-4th-2015.jpg\",\"contentUrl\":\"http:\\\/\\\/adoptionone.ca\\\/wp-content\\\/uploads\\\/2015\\\/05\\\/Urban-Park-add-in-Timmins-Daily-Press-and-Facebook-Aug-4th-2015.jpg\"},{\"@type\":\"BreadcrumbList\",\"@id\":\"https:\\\/\\\/adoptionone.ca\\\/fr\\\/une-semaine-bien-excitante-pour-adoption-o-n-e\\\/#breadcrumb\",\"itemListElement\":[{\"@type\":\"ListItem\",\"position\":1,\"name\":\"Home\",\"item\":\"https:\\\/\\\/adoptionone.ca\\\/fr\\\/\"},{\"@type\":\"ListItem\",\"position\":2,\"name\":\"Une semaine bien excitante pour ADOPTION O.N.E.\"}]},{\"@type\":\"WebSite\",\"@id\":\"https:\\\/\\\/adoptionone.ca\\\/#website\",\"url\":\"https:\\\/\\\/adoptionone.ca\\\/\",\"name\":\"Adoption One\",\"description\":\"\",\"potentialAction\":[{\"@type\":\"SearchAction\",\"target\":{\"@type\":\"EntryPoint\",\"urlTemplate\":\"https:\\\/\\\/adoptionone.ca\\\/?s={search_term_string}\"},\"query-input\":{\"@type\":\"PropertyValueSpecification\",\"valueRequired\":true,\"valueName\":\"search_term_string\"}}],\"inLanguage\":\"fr-FR\"},{\"@type\":\"Person\",\"@id\":\"https:\\\/\\\/adoptionone.ca\\\/#\\\/schema\\\/person\\\/340d046df96fd81a639f599084e94ccc\",\"name\":\"adoptiononedev\",\"image\":{\"@type\":\"ImageObject\",\"inLanguage\":\"fr-FR\",\"@id\":\"https:\\\/\\\/secure.gravatar.com\\\/avatar\\\/9f0b5962d56f5b05d7937f6bf3844841d43e71992a1b80c591e2a5768fcd1883?s=96&d=mm&r=g\",\"url\":\"https:\\\/\\\/secure.gravatar.com\\\/avatar\\\/9f0b5962d56f5b05d7937f6bf3844841d43e71992a1b80c591e2a5768fcd1883?s=96&d=mm&r=g\",\"contentUrl\":\"https:\\\/\\\/secure.gravatar.com\\\/avatar\\\/9f0b5962d56f5b05d7937f6bf3844841d43e71992a1b80c591e2a5768fcd1883?s=96&d=mm&r=g\",\"caption\":\"adoptiononedev\"},\"url\":\"https:\\\/\\\/adoptionone.ca\\\/fr\\\/author\\\/adoptiononedev\\\/\"}]}<\/script>\n<!-- \/ Yoast SEO plugin. -->","yoast_head_json":{"title":"Une semaine bien excitante pour ADOPTION O.N.E. - Adoption One","description":"Semaine du 3 septembre 2015: Entrevue radio, enseigne Adoption ONE Ontario Nord Est , Foire publique,","robots":{"index":"index","follow":"follow","max-snippet":"max-snippet:-1","max-image-preview":"max-image-preview:large","max-video-preview":"max-video-preview:-1"},"canonical":"https:\/\/adoptionone.ca\/fr\/une-semaine-bien-excitante-pour-adoption-o-n-e\/","og_locale":"fr_FR","og_type":"article","og_title":"Une semaine bien excitante pour ADOPTION O.N.E. - Adoption One","og_description":"Semaine du 3 septembre 2015: Entrevue radio, enseigne Adoption ONE Ontario Nord Est , Foire publique,","og_url":"https:\/\/adoptionone.ca\/fr\/une-semaine-bien-excitante-pour-adoption-o-n-e\/","og_site_name":"Adoption One","article_publisher":"https:\/\/www.facebook.com\/adoptionone","article_published_time":"2015-08-10T19:09:11+00:00","article_modified_time":"2015-08-10T19:31:41+00:00","og_image":[{"width":350,"height":684,"url":"https:\/\/adoptionone.ca\/wp-content\/uploads\/2015\/05\/Urban-Park-add-in-Timmins-Daily-Press-and-Facebook-Aug-4th-2015.jpg","type":"image\/jpeg"}],"author":"adoptiononedev","twitter_misc":{"\u00c9crit par":"adoptiononedev","Dur\u00e9e de lecture estim\u00e9e":"1 minute"},"schema":{"@context":"https:\/\/schema.org","@graph":[{"@type":"Article","@id":"https:\/\/adoptionone.ca\/fr\/une-semaine-bien-excitante-pour-adoption-o-n-e\/#article","isPartOf":{"@id":"https:\/\/adoptionone.ca\/fr\/une-semaine-bien-excitante-pour-adoption-o-n-e\/"},"author":{"name":"adoptiononedev","@id":"https:\/\/adoptionone.ca\/#\/schema\/person\/340d046df96fd81a639f599084e94ccc"},"headline":"Une semaine bien excitante pour ADOPTION O.N.E.","datePublished":"2015-08-10T19:09:11+00:00","dateModified":"2015-08-10T19:31:41+00:00","mainEntityOfPage":{"@id":"https:\/\/adoptionone.ca\/fr\/une-semaine-bien-excitante-pour-adoption-o-n-e\/"},"wordCount":236,"commentCount":0,"image":{"@id":"https:\/\/adoptionone.ca\/fr\/une-semaine-bien-excitante-pour-adoption-o-n-e\/#primaryimage"},"thumbnailUrl":"http:\/\/adoptionone.ca\/wp-content\/uploads\/2015\/05\/Urban-Park-add-in-Timmins-Daily-Press-and-Facebook-Aug-4th-2015.jpg","articleSection":["Uncategorised @fr"],"inLanguage":"fr-FR","potentialAction":[{"@type":"CommentAction","name":"Comment","target":["https:\/\/adoptionone.ca\/fr\/une-semaine-bien-excitante-pour-adoption-o-n-e\/#respond"]}]},{"@type":"WebPage","@id":"https:\/\/adoptionone.ca\/fr\/une-semaine-bien-excitante-pour-adoption-o-n-e\/","url":"https:\/\/adoptionone.ca\/fr\/une-semaine-bien-excitante-pour-adoption-o-n-e\/","name":"Une semaine bien excitante pour ADOPTION O.N.E. - Adoption One","isPartOf":{"@id":"https:\/\/adoptionone.ca\/#website"},"primaryImageOfPage":{"@id":"https:\/\/adoptionone.ca\/fr\/une-semaine-bien-excitante-pour-adoption-o-n-e\/#primaryimage"},"image":{"@id":"https:\/\/adoptionone.ca\/fr\/une-semaine-bien-excitante-pour-adoption-o-n-e\/#primaryimage"},"thumbnailUrl":"http:\/\/adoptionone.ca\/wp-content\/uploads\/2015\/05\/Urban-Park-add-in-Timmins-Daily-Press-and-Facebook-Aug-4th-2015.jpg","datePublished":"2015-08-10T19:09:11+00:00","dateModified":"2015-08-10T19:31:41+00:00","author":{"@id":"https:\/\/adoptionone.ca\/#\/schema\/person\/340d046df96fd81a639f599084e94ccc"},"description":"Semaine du 3 septembre 2015: Entrevue radio, enseigne Adoption ONE Ontario Nord Est , Foire publique,","breadcrumb":{"@id":"https:\/\/adoptionone.ca\/fr\/une-semaine-bien-excitante-pour-adoption-o-n-e\/#breadcrumb"},"inLanguage":"fr-FR","potentialAction":[{"@type":"ReadAction","target":["https:\/\/adoptionone.ca\/fr\/une-semaine-bien-excitante-pour-adoption-o-n-e\/"]}]},{"@type":"ImageObject","inLanguage":"fr-FR","@id":"https:\/\/adoptionone.ca\/fr\/une-semaine-bien-excitante-pour-adoption-o-n-e\/#primaryimage","url":"http:\/\/adoptionone.ca\/wp-content\/uploads\/2015\/05\/Urban-Park-add-in-Timmins-Daily-Press-and-Facebook-Aug-4th-2015.jpg","contentUrl":"http:\/\/adoptionone.ca\/wp-content\/uploads\/2015\/05\/Urban-Park-add-in-Timmins-Daily-Press-and-Facebook-Aug-4th-2015.jpg"},{"@type":"BreadcrumbList","@id":"https:\/\/adoptionone.ca\/fr\/une-semaine-bien-excitante-pour-adoption-o-n-e\/#breadcrumb","itemListElement":[{"@type":"ListItem","position":1,"name":"Home","item":"https:\/\/adoptionone.ca\/fr\/"},{"@type":"ListItem","position":2,"name":"Une semaine bien excitante pour ADOPTION O.N.E."}]},{"@type":"WebSite","@id":"https:\/\/adoptionone.ca\/#website","url":"https:\/\/adoptionone.ca\/","name":"Adoption One","description":"","potentialAction":[{"@type":"SearchAction","target":{"@type":"EntryPoint","urlTemplate":"https:\/\/adoptionone.ca\/?s={search_term_string}"},"query-input":{"@type":"PropertyValueSpecification","valueRequired":true,"valueName":"search_term_string"}}],"inLanguage":"fr-FR"},{"@type":"Person","@id":"https:\/\/adoptionone.ca\/#\/schema\/person\/340d046df96fd81a639f599084e94ccc","name":"adoptiononedev","image":{"@type":"ImageObject","inLanguage":"fr-FR","@id":"https:\/\/secure.gravatar.com\/avatar\/9f0b5962d56f5b05d7937f6bf3844841d43e71992a1b80c591e2a5768fcd1883?s=96&d=mm&r=g","url":"https:\/\/secure.gravatar.com\/avatar\/9f0b5962d56f5b05d7937f6bf3844841d43e71992a1b80c591e2a5768fcd1883?s=96&d=mm&r=g","contentUrl":"https:\/\/secure.gravatar.com\/avatar\/9f0b5962d56f5b05d7937f6bf3844841d43e71992a1b80c591e2a5768fcd1883?s=96&d=mm&r=g","caption":"adoptiononedev"},"url":"https:\/\/adoptionone.ca\/fr\/author\/adoptiononedev\/"}]}},"_links":{"self":[{"href":"https:\/\/adoptionone.ca\/fr\/wp-json\/wp\/v2\/posts\/455","targetHints":{"allow":["GET"]}}],"collection":[{"href":"https:\/\/adoptionone.ca\/fr\/wp-json\/wp\/v2\/posts"}],"about":[{"href":"https:\/\/adoptionone.ca\/fr\/wp-json\/wp\/v2\/types\/post"}],"author":[{"embeddable":true,"href":"https:\/\/adoptionone.ca\/fr\/wp-json\/wp\/v2\/users\/1"}],"replies":[{"embeddable":true,"href":"https:\/\/adoptionone.ca\/fr\/wp-json\/wp\/v2\/comments?post=455"}],"version-history":[{"count":2,"href":"https:\/\/adoptionone.ca\/fr\/wp-json\/wp\/v2\/posts\/455\/revisions"}],"predecessor-version":[{"id":459,"href":"https:\/\/adoptionone.ca\/fr\/wp-json\/wp\/v2\/posts\/455\/revisions\/459"}],"wp:attachment":[{"href":"https:\/\/adoptionone.ca\/fr\/wp-json\/wp\/v2\/media?parent=455"}],"wp:term":[{"taxonomy":"category","embeddable":true,"href":"https:\/\/adoptionone.ca\/fr\/wp-json\/wp\/v2\/categories?post=455"},{"taxonomy":"post_tag","embeddable":true,"href":"https:\/\/adoptionone.ca\/fr\/wp-json\/wp\/v2\/tags?post=455"}],"curies":[{"name":"wp","href":"https:\/\/api.w.org\/{rel}","templated":true}]}}